{"id":6094,"date":"2025-07-15T14:06:00","date_gmt":"2025-07-15T12:06:00","guid":{"rendered":"https:\/\/www.hoershop.com\/info\/?p=6094"},"modified":"2025-07-22T13:39:44","modified_gmt":"2025-07-22T11:39:44","slug":"hoergeraete-beratung","status":"publish","type":"post","link":"https:\/\/www.hoershop.com\/info\/allgemein\/hoergeraete-beratung-6094","title":{"rendered":"Ihr Weg zum besseren H\u00f6ren im Detail: Schritt 2 &#8211; die H\u00f6rger\u00e4te-Beratung im Fachgesch\u00e4ft"},"content":{"rendered":"\n<div class=\"wp-block-columns is-layout-flex wp-container-core-columns-is-layout-9d6595d7 wp-block-columns-is-layout-flex\">\n<div class=\"wp-block-column navigation-blog is-layout-flow wp-block-column-is-layout-flow\" style=\"flex-basis:23%\"><\/div>\n\n\n\n<div class=\"wp-block-column content-blog is-layout-flow wp-block-column-is-layout-flow\"><figure class=\"wp-block-post-featured-image\"><img loading=\"lazy\" decoding=\"async\" width=\"600\" height=\"338\" src=\"https:\/\/www.hoershop.com\/info\/wp-content\/uploads\/2025\/07\/Schritt-2.jpg\" class=\"attachment-post-thumbnail size-post-thumbnail wp-post-image\" alt=\"H\u00f6rger\u00e4te Beratung\" style=\"object-fit:cover;\" srcset=\"https:\/\/www.hoershop.com\/info\/wp-content\/uploads\/2025\/07\/Schritt-2.jpg 600w, https:\/\/www.hoershop.com\/info\/wp-content\/uploads\/2025\/07\/Schritt-2-300x169.jpg 300w\" sizes=\"auto, (max-width: 600px) 100vw, 600px\" title=\"\"><\/figure>\n\n<h1 class=\"wp-block-post-title\">Ihr Weg zum besseren H\u00f6ren im Detail: Schritt 2 &#8211; die H\u00f6rger\u00e4te-Beratung im Fachgesch\u00e4ft<\/h1>\n\n\n<p>Nach einem pr\u00e4zisen H\u00f6rtest und einer gr\u00fcndlichen Bedarfsanalyse folgt im Fachgesch\u00e4ft der n\u00e4chste wichtige Schritt: die ausf\u00fchrliche, individuelle H\u00f6rger\u00e4te-Beratung. Hier geht es darum, aus der gro\u00dfen Auswahl an H\u00f6rsystemen genau das Modell zu finden, das zu Ihrem H\u00f6rprofil, Ihren Alltagssituationen und Ihren W\u00fcnschen passt.<\/p>\n\n\n\n<p>In diesem Artikel erfahren Sie im Detail, wie dieser Beratungsprozess abl\u00e4uft, welche Aspekte Ihr Akustiker dabei ber\u00fccksichtigt und warum eine professionelle Beratung entscheidend f\u00fcr Ihren sp\u00e4teren H\u00f6rerfolg ist.<\/p>\n\n\n\n<p>Den Gesamt\u00fcberblick zur H\u00f6rger\u00e4teversorgung im Fachgesch\u00e4ft finden Sie in unserem Artikel: <\/p>\n\n\n\n<div class=\"wp-block-media-text is-stacked-on-mobile\"><figure class=\"wp-block-media-text__media\"><a href=\"https:\/\/www.hoershop.com\/info\/allgemein\/hoergeraeteversorgung-6071\"><img loading=\"lazy\" decoding=\"async\" width=\"1024\" height=\"576\" src=\"https:\/\/www.hoershop.com\/info\/wp-content\/uploads\/2025\/07\/schritt-fuer-schritt-1024x576.jpg\" alt=\"Ablauf einer H\u00f6rger\u00e4teversorgung\" class=\"wp-image-6077 size-full\" title=\"\" srcset=\"https:\/\/www.hoershop.com\/info\/wp-content\/uploads\/2025\/07\/schritt-fuer-schritt-1024x576.jpg 1024w, https:\/\/www.hoershop.com\/info\/wp-content\/uploads\/2025\/07\/schritt-fuer-schritt-300x169.jpg 300w, https:\/\/www.hoershop.com\/info\/wp-content\/uploads\/2025\/07\/schritt-fuer-schritt-768x432.jpg 768w, https:\/\/www.hoershop.com\/info\/wp-content\/uploads\/2025\/07\/schritt-fuer-schritt-1536x864.jpg 1536w, https:\/\/www.hoershop.com\/info\/wp-content\/uploads\/2025\/07\/schritt-fuer-schritt-1200x675.jpg 1200w, https:\/\/www.hoershop.com\/info\/wp-content\/uploads\/2025\/07\/schritt-fuer-schritt.jpg 1600w\" sizes=\"auto, (max-width: 1024px) 100vw, 1024px\" \/><\/a><\/figure><div class=\"wp-block-media-text__content\">\n<p><a href=\"https:\/\/www.hoershop.com\/info\/allgemein\/hoergeraeteversorgung-6071\">Der Weg zum besseren H\u00f6ren \u2013 So l\u00e4uft Ihre H\u00f6rger\u00e4teversorgung im Fachgesch\u00e4ft ab \u2013 ein \u00dcberblick<\/a><\/p>\n<\/div><\/div>\n\n\n\n<div style=\"height:30px\" aria-hidden=\"true\" class=\"wp-block-spacer\"><\/div>\n\n\n\n<div id=\"ez-toc-container\" class=\"ez-toc-v2_0_81 counter-hierarchy ez-toc-counter ez-toc-grey ez-toc-container-direction\">\n<div class=\"ez-toc-title-container\"><p class=\"ez-toc-title\" style=\"cursor:inherit\">Inhaltsverzeichnis<\/p>\n<\/div><nav><ul class='ez-toc-list ez-toc-list-level-1 ' ><li class='ez-toc-page-1 ez-toc-heading-level-2'><a class=\"ez-toc-link ez-toc-heading-1\" href=\"https:\/\/www.hoershop.com\/info\/allgemein\/hoergeraete-beratung-6094\/#Warum_persoenliche_Beratung_so_wichtig_ist\" >Warum pers\u00f6nliche Beratung so wichtig ist<\/a><\/li><li class='ez-toc-page-1 ez-toc-heading-level-2'><a class=\"ez-toc-link ez-toc-heading-2\" href=\"https:\/\/www.hoershop.com\/info\/allgemein\/hoergeraete-beratung-6094\/#Die_Auswertung_der_Hoertestergebnisse\" >Die Auswertung der H\u00f6rtestergebnisse<\/a><\/li><li class='ez-toc-page-1 ez-toc-heading-level-2'><a class=\"ez-toc-link ez-toc-heading-3\" href=\"https:\/\/www.hoershop.com\/info\/allgemein\/hoergeraete-beratung-6094\/#Die_Beruecksichtigung_Ihrer_individuellen_Wuensche_und_Alltagsanforderungen\" >Die Ber\u00fccksichtigung Ihrer individuellen W\u00fcnsche und Alltagsanforderungen<\/a><\/li><li class='ez-toc-page-1 ez-toc-heading-level-2'><a class=\"ez-toc-link ez-toc-heading-4\" href=\"https:\/\/www.hoershop.com\/info\/allgemein\/hoergeraete-beratung-6094\/#Ueberblick_ueber_Bauformen_und_Technologiestufen\" >\u00dcberblick \u00fcber Bauformen und Technologiestufen<\/a><\/li><li class='ez-toc-page-1 ez-toc-heading-level-2'><a class=\"ez-toc-link ez-toc-heading-5\" href=\"https:\/\/www.hoershop.com\/info\/allgemein\/hoergeraete-beratung-6094\/#Gemeinsames_Abwaegen_von_Nutzen_und_Kosten\" >Gemeinsames Abw\u00e4gen von Nutzen und Kosten<\/a><\/li><li class='ez-toc-page-1 ez-toc-heading-level-2'><a class=\"ez-toc-link ez-toc-heading-6\" href=\"https:\/\/www.hoershop.com\/info\/allgemein\/hoergeraete-beratung-6094\/#Entscheidung_fuer_eine_erste_Anpassung_und_Probetragen\" >Entscheidung f\u00fcr eine erste Anpassung und Probetragen<\/a><\/li><li class='ez-toc-page-1 ez-toc-heading-level-2'><a class=\"ez-toc-link ez-toc-heading-7\" href=\"https:\/\/www.hoershop.com\/info\/allgemein\/hoergeraete-beratung-6094\/#Abdrucknahme_und_Passformvorbereitung\" >Abdrucknahme und Passformvorbereitung<\/a><\/li><li class='ez-toc-page-1 ez-toc-heading-level-2'><a class=\"ez-toc-link ez-toc-heading-8\" href=\"https:\/\/www.hoershop.com\/info\/allgemein\/hoergeraete-beratung-6094\/#Fazit\" >Fazit<\/a><\/li><li class='ez-toc-page-1 ez-toc-heading-level-2'><a class=\"ez-toc-link ez-toc-heading-9\" href=\"https:\/\/www.hoershop.com\/info\/allgemein\/hoergeraete-beratung-6094\/#Weitere_interessante_Artikel_zum_Thema\" >Weitere interessante Artikel zum Thema<\/a><\/li><\/ul><\/nav><\/div>\n<h2 class=\"wp-block-heading\"><span class=\"ez-toc-section\" id=\"Warum_persoenliche_Beratung_so_wichtig_ist\"><\/span>Warum pers\u00f6nliche Beratung so wichtig ist<span class=\"ez-toc-section-end\"><\/span><\/h2>\n\n\n\n<p>H\u00f6rger\u00e4te sind heute hochentwickelte Mini-Computer \u2013 mit einer enormen Bandbreite an Bauformen, Technologiestufen und Zusatzfunktionen. Doch nicht jedes H\u00f6rsystem passt zu jedem Menschen.<\/p>\n\n\n\n<p>Eine gute Beratung bedeutet deshalb nicht, einfach das \u201eteuerste\u201c oder \u201emodernste\u201c Ger\u00e4t auszuw\u00e4hlen, sondern das passende. Denn Ihr H\u00f6rger\u00e4t muss:<\/p>\n\n\n\n<ul class=\"wp-block-list\">\n<li>Ihren H\u00f6rverlust ausgleichen<\/li>\n\n\n\n<li>in Ihren Alltag passen<\/li>\n\n\n\n<li>sich komfortabel tragen und bedienen lassen<\/li>\n\n\n\n<li>Ihr Budget und Ihre Anspr\u00fcche ber\u00fccksichtigen<\/li>\n<\/ul>\n\n\n\n<p>Die Beratung sorgt daf\u00fcr, dass Technik und pers\u00f6nliche Lebensgewohnheiten perfekt aufeinander abgestimmt werden.<\/p>\n\n\n\n<div style=\"height:30px\" aria-hidden=\"true\" class=\"wp-block-spacer\"><\/div>\n\n\n\n\n\n<div style=\"height:30px\" aria-hidden=\"true\" class=\"wp-block-spacer\"><\/div>\n\n\n\n<h2 class=\"wp-block-heading\"><span class=\"ez-toc-section\" id=\"Die_Auswertung_der_Hoertestergebnisse\"><\/span>Die Auswertung der H\u00f6rtestergebnisse<span class=\"ez-toc-section-end\"><\/span><\/h2>\n\n\n\n<p>Die Grundlage f\u00fcr die Beratung bilden die Messwerte aus dem H\u00f6rtest. Ihr Akustiker erkl\u00e4rt Ihnen verst\u00e4ndlich:<\/p>\n\n\n\n<ul class=\"wp-block-list\">\n<li>In welchen Frequenzbereichen liegt Ihre H\u00f6rminderung?<\/li>\n\n\n\n<li>Wie gut verstehen Sie Sprache?<\/li>\n\n\n\n<li>Gibt es Unterschiede zwischen linkem und rechtem Ohr?<\/li>\n\n\n\n<li>Welche technische Unterst\u00fctzung ist sinnvoll, um Sprache zu verbessern und St\u00f6rger\u00e4usche zu reduzieren?<\/li>\n<\/ul>\n\n\n\n<p>Diese Auswertung zeigt, welche Funktionen Ihr k\u00fcnftiges H\u00f6rger\u00e4t unbedingt mitbringen muss.<\/p>\n\n\n\n<div style=\"height:30px\" aria-hidden=\"true\" class=\"wp-block-spacer\"><\/div>\n\n\n\n<h2 class=\"wp-block-heading\"><span class=\"ez-toc-section\" id=\"Die_Beruecksichtigung_Ihrer_individuellen_Wuensche_und_Alltagsanforderungen\"><\/span>Die Ber\u00fccksichtigung Ihrer individuellen W\u00fcnsche und Alltagsanforderungen<span class=\"ez-toc-section-end\"><\/span><\/h2>\n\n\n\n<p>Die reinen Zahlen aus dem H\u00f6rtest sind nur ein Teil der Beratung. Ebenso wichtig ist sind die Informationen aus der Bedarfsanalyse, wie und wo Sie im Alltag h\u00f6ren m\u00f6chten:<\/p>\n\n\n\n<ul class=\"wp-block-list\">\n<li><strong>Gespr\u00e4chssituationen:<\/strong> M\u00fcssen Sie oft in lauten Umgebungen kommunizieren?<\/li>\n\n\n\n<li><strong>Berufliche Anforderungen:<\/strong> Arbeiten Sie im B\u00fcro, in der Produktion, mit Kundenkontakt?<\/li>\n\n\n\n<li><strong>Freizeit und Hobbys:<\/strong> Musik h\u00f6ren, Fernsehen, Theater, Sport \u2013 welche Situationen sind f\u00fcr Sie wichtig?<\/li>\n\n\n\n<li><strong>Telefonieren und Streaming:<\/strong> M\u00f6chten Sie das Handy, den Fernseher oder andere Ger\u00e4te direkt koppeln?<\/li>\n\n\n\n<li><strong>Bedienkomfort:<\/strong> M\u00f6chten Sie einfache Tastensteuerung, eine App oder automatische Programme?<\/li>\n\n\n\n<li><strong>Diskretion:<\/strong> Legen Sie Wert auf ein m\u00f6glichst unauff\u00e4lliges Design?<\/li>\n\n\n\n<li><strong>Handhabung:<\/strong> Gibt es motorische Einschr\u00e4nkungen, die ber\u00fccksichtigt werden sollten?<\/li>\n<\/ul>\n\n\n\n<p>Ihr Akustiker wird diese Themen mit Ihnen besprechen, um die passende Technologie- und Bauformauswahl einzugrenzen.<\/p>\n\n\n\n<div style=\"height:30px\" aria-hidden=\"true\" class=\"wp-block-spacer\"><\/div>\n\n\n\n\n\n<div style=\"height:30px\" aria-hidden=\"true\" class=\"wp-block-spacer\"><\/div>\n\n\n\n<h2 class=\"wp-block-heading\"><span class=\"ez-toc-section\" id=\"Ueberblick_ueber_Bauformen_und_Technologiestufen\"><\/span>\u00dcberblick \u00fcber Bauformen und Technologiestufen<span class=\"ez-toc-section-end\"><\/span><\/h2>\n\n\n\n<p>Anschlie\u00dfend stellt Ihr H\u00f6rakustiker Ihnen verschiedene H\u00f6rsysteme vor. Dabei erkl\u00e4rt er Ihnen transparent:<\/p>\n\n\n\n<ul class=\"wp-block-list\">\n<li><strong>Bauformen:<\/strong>\n<ul class=\"wp-block-list\">\n<li>Hinter-dem-Ohr-Ger\u00e4te (HdO)<\/li>\n\n\n\n<li>Ex-H\u00f6rer-Ger\u00e4te (RIC)<\/li>\n\n\n\n<li>Im-Ohr-Ger\u00e4te (IdO)<\/li>\n\n\n\n<li>Besondere L\u00f6sungen wie <a href=\"https:\/\/www.hoershop.com\/info\/besser-hoeren\/cros-und-bicros-hoergeraete-5786\">CROS\/BiCROS-Systeme<\/a> bei einseitiger Taubheit<\/li>\n<\/ul>\n<\/li>\n<\/ul>\n\n\n\n<div style=\"height:30px\" aria-hidden=\"true\" class=\"wp-block-spacer\"><\/div>\n\n\n\n<div class=\"wp-block-media-text is-stacked-on-mobile\"><figure class=\"wp-block-media-text__media\"><img loading=\"lazy\" decoding=\"async\" width=\"1024\" height=\"576\" src=\"https:\/\/www.hoershop.com\/info\/wp-content\/uploads\/2025\/07\/Bauformen.png\" alt=\"H\u00f6rger\u00e4te-Beratung\n\" class=\"wp-image-6098 size-full\" title=\"\" srcset=\"https:\/\/www.hoershop.com\/info\/wp-content\/uploads\/2025\/07\/Bauformen.png 1024w, https:\/\/www.hoershop.com\/info\/wp-content\/uploads\/2025\/07\/Bauformen-300x169.png 300w, https:\/\/www.hoershop.com\/info\/wp-content\/uploads\/2025\/07\/Bauformen-768x432.png 768w\" sizes=\"auto, (max-width: 1024px) 100vw, 1024px\" \/><\/figure><div class=\"wp-block-media-text__content\">\n<p><a href=\"https:\/\/www.hoershop.com\/info\/hoergeraete-technik\/hoergeraete-bauform-6055\">H\u00f6rger\u00e4te-Bauformen<\/a> (Erkl\u00e4rung der Unterschiede, Vor- und Nachteile)<\/p>\n<\/div><\/div>\n\n\n\n<div style=\"height:30px\" aria-hidden=\"true\" class=\"wp-block-spacer\"><\/div>\n\n\n\n<ul class=\"wp-block-list\">\n<li><strong>Technologiestufen:<\/strong>\n<ul class=\"wp-block-list\">\n<li>zuahlungsfreie Modelle<\/li>\n\n\n\n<li>Basis-Modelle <\/li>\n\n\n\n<li>Mittelklasse <\/li>\n\n\n\n<li>Premium-Modelle <\/li>\n<\/ul>\n<\/li>\n<\/ul>\n\n\n\n<p>Dabei wird erkl\u00e4rt, welche Funktionen bei Ihren H\u00f6ranforderungen notwendig sind \u2013 und welche Features f\u00fcr Sie vielleicht gar nicht relevant sind.<\/p>\n\n\n\n<div style=\"height:30px\" aria-hidden=\"true\" class=\"wp-block-spacer\"><\/div>\n\n\n\n<div class=\"wp-block-media-text is-stacked-on-mobile\"><figure class=\"wp-block-media-text__media\"><img loading=\"lazy\" decoding=\"async\" width=\"1024\" height=\"582\" src=\"https:\/\/www.hoershop.com\/info\/wp-content\/uploads\/2025\/07\/Kosten.png\" alt=\"\" class=\"wp-image-6099 size-full\" title=\"\" srcset=\"https:\/\/www.hoershop.com\/info\/wp-content\/uploads\/2025\/07\/Kosten.png 1024w, https:\/\/www.hoershop.com\/info\/wp-content\/uploads\/2025\/07\/Kosten-300x171.png 300w, https:\/\/www.hoershop.com\/info\/wp-content\/uploads\/2025\/07\/Kosten-768x437.png 768w\" sizes=\"auto, (max-width: 1024px) 100vw, 1024px\" \/><\/figure><div class=\"wp-block-media-text__content\">\n<p><a href=\"https:\/\/www.hoershop.com\/info\/hoergeraete-technik\/hoergeraete-kosten-1056\">H\u00f6rger\u00e4te Kosten<\/a> (Erkl\u00e4rung der Unterschiede der verschiedenen Techniologiestufen)<\/p>\n<\/div><\/div>\n\n\n\n<div style=\"height:30px\" aria-hidden=\"true\" class=\"wp-block-spacer\"><\/div>\n\n\n\n<h2 class=\"wp-block-heading\"><span class=\"ez-toc-section\" id=\"Gemeinsames_Abwaegen_von_Nutzen_und_Kosten\"><\/span>Gemeinsames Abw\u00e4gen von Nutzen und Kosten<span class=\"ez-toc-section-end\"><\/span><\/h2>\n\n\n\n<p>Ihr Akustiker wird Sie auch \u00fcber die Kostenstruktur informieren<\/p>\n\n\n\n<ul class=\"wp-block-list\">\n<li>Welche Ger\u00e4te werden komplett von der Krankenkasse \u00fcbernommen?<\/li>\n\n\n\n<li>Wie hoch sind m\u00f6gliche Eigenanteile?<\/li>\n\n\n\n<li>Welche Zusch\u00fcsse und Finanzierungsmodelle gibt es?<\/li>\n<\/ul>\n\n\n\n<p>Ziel ist es, gemeinsam eine L\u00f6sung zu finden, die sowohl Ihren H\u00f6rbedarf als auch Ihr Budget ber\u00fccksichtigt.<\/p>\n\n\n\n<div style=\"height:30px\" aria-hidden=\"true\" class=\"wp-block-spacer\"><\/div>\n\n\n\n<div class=\"wp-block-media-text is-stacked-on-mobile\"><figure class=\"wp-block-media-text__media\"><img loading=\"lazy\" decoding=\"async\" width=\"1024\" height=\"591\" src=\"https:\/\/www.hoershop.com\/info\/wp-content\/uploads\/2025\/07\/Krankenkasse.jpg\" alt=\"\" class=\"wp-image-6100 size-full\" title=\"\" srcset=\"https:\/\/www.hoershop.com\/info\/wp-content\/uploads\/2025\/07\/Krankenkasse.jpg 1024w, https:\/\/www.hoershop.com\/info\/wp-content\/uploads\/2025\/07\/Krankenkasse-300x173.jpg 300w, https:\/\/www.hoershop.com\/info\/wp-content\/uploads\/2025\/07\/Krankenkasse-768x443.jpg 768w\" sizes=\"auto, (max-width: 1024px) 100vw, 1024px\" \/><\/figure><div class=\"wp-block-media-text__content\">\n<p><a href=\"https:\/\/www.hoershop.com\/info\/allgemein\/hoergeraete-krankenkasse-2307\">H\u00f6rger\u00e4te und die Krankenkasse<\/a> (Erkl\u00e4rungen der Voraussetzungen, Zusch\u00fcsse und Abl\u00e4ufe)<\/p>\n<\/div><\/div>\n\n\n\n<div style=\"height:30px\" aria-hidden=\"true\" class=\"wp-block-spacer\"><\/div>\n\n\n\n<h2 class=\"wp-block-heading\"><span class=\"ez-toc-section\" id=\"Entscheidung_fuer_eine_erste_Anpassung_und_Probetragen\"><\/span>Entscheidung f\u00fcr eine erste Anpassung und Probetragen<span class=\"ez-toc-section-end\"><\/span><\/h2>\n\n\n\n<p>Am Ende der Beratung entscheiden Sie gemeinsam mit Ihrem Akustiker, mit welchem Ger\u00e4t Sie starten m\u00f6chten. Dabei wird nicht nur das passende Modell ausgew\u00e4hlt, sondern auch festgelegt, welche Passforml\u00f6sung f\u00fcr Sie optimal ist.<\/p>\n\n\n\n<p>Je nach Bauform und pers\u00f6nlichem Komfortwunsch w\u00e4hlen Sie zwischen vorgefertigten, weichen Domes, die direkt einsetzbar sind, oder ma\u00dfangefertigten Otoplastiken bzw. Im-Ohr-Schalen, die individuell auf Ihr Ohr angepasst werden. Die Entscheidung h\u00e4ngt ab von Ihrem H\u00f6rprofil, der Anatomie Ihres Ohrs und Ihren Tragevorlieben. Ihr H\u00f6rakustiker erkl\u00e4rt Ihnen transparent die Vor- und Nachteile beider Varianten und hilft Ihnen, die f\u00fcr Sie passende L\u00f6sung zu finden.<\/p>\n\n\n\n<div style=\"height:30px\" aria-hidden=\"true\" class=\"wp-block-spacer\"><\/div>\n\n\n\n<div class=\"wp-block-media-text is-stacked-on-mobile\"><figure class=\"wp-block-media-text__media\"><img loading=\"lazy\" decoding=\"async\" width=\"1024\" height=\"576\" src=\"https:\/\/www.hoershop.com\/info\/wp-content\/uploads\/2025\/07\/Otoplastik-1024x576.jpg\" alt=\"\" class=\"wp-image-6096 size-full\" title=\"\" srcset=\"https:\/\/www.hoershop.com\/info\/wp-content\/uploads\/2025\/07\/Otoplastik-1024x576.jpg 1024w, https:\/\/www.hoershop.com\/info\/wp-content\/uploads\/2025\/07\/Otoplastik-300x169.jpg 300w, https:\/\/www.hoershop.com\/info\/wp-content\/uploads\/2025\/07\/Otoplastik-768x432.jpg 768w, https:\/\/www.hoershop.com\/info\/wp-content\/uploads\/2025\/07\/Otoplastik-1200x675.jpg 1200w, https:\/\/www.hoershop.com\/info\/wp-content\/uploads\/2025\/07\/Otoplastik.jpg 1280w\" sizes=\"auto, (max-width: 1024px) 100vw, 1024px\" \/><\/figure><div class=\"wp-block-media-text__content\">\n<p><a href=\"https:\/\/www.hoershop.com\/info\/allgemein\/otoplastik-4939\">H\u00f6rger\u00e4te-Otoplastiken<\/a> (Erkl\u00e4rungen der Formen, Materialien, Auswahlkriterien)<\/p>\n<\/div><\/div>\n\n\n\n<div class=\"wp-block-media-text is-stacked-on-mobile\"><figure class=\"wp-block-media-text__media\"><img loading=\"lazy\" decoding=\"async\" width=\"1024\" height=\"576\" src=\"https:\/\/www.hoershop.com\/info\/wp-content\/uploads\/2025\/07\/Im-Ohr-Hoergeraete.jpg\" alt=\"\" class=\"wp-image-6097 size-full\" title=\"\" srcset=\"https:\/\/www.hoershop.com\/info\/wp-content\/uploads\/2025\/07\/Im-Ohr-Hoergeraete.jpg 1024w, https:\/\/www.hoershop.com\/info\/wp-content\/uploads\/2025\/07\/Im-Ohr-Hoergeraete-300x169.jpg 300w, https:\/\/www.hoershop.com\/info\/wp-content\/uploads\/2025\/07\/Im-Ohr-Hoergeraete-768x432.jpg 768w\" sizes=\"auto, (max-width: 1024px) 100vw, 1024px\" \/><\/figure><div class=\"wp-block-media-text__content\">\n<p><a href=\"https:\/\/www.hoershop.com\/info\/hoergeraete-technik\/im-ohr-hoergeraete-233\">Im-Ohr-H\u00f6rger\u00e4te<\/a> (Erkl\u00e4rungen der Arten, Ma\u00dfanfertigungen, Vor- und Nachteile) <\/p>\n<\/div><\/div>\n\n\n\n<div style=\"height:30px\" aria-hidden=\"true\" class=\"wp-block-spacer\"><\/div>\n\n\n\n<p>Anschlie\u00dfend wird das ausgew\u00e4hlte Ger\u00e4t f\u00fcr Sie reserviert oder bestellt, und Sie planen gemeinsam die ersten Anpassungstermine. Die meisten Akustiker bieten Ihnen eine ausgiebige Probephase an, in der Sie das H\u00f6rger\u00e4t im Alltag testen und Ihre Eindr\u00fccke zur\u00fcckmelden k\u00f6nnen. So wird sichergestellt, dass Sie am Ende wirklich zufrieden sind.<\/p>\n\n\n\n<div style=\"height:30px\" aria-hidden=\"true\" class=\"wp-block-spacer\"><\/div>\n\n\n\n<h2 class=\"wp-block-heading\"><span class=\"ez-toc-section\" id=\"Abdrucknahme_und_Passformvorbereitung\"><\/span>Abdrucknahme und Passformvorbereitung<span class=\"ez-toc-section-end\"><\/span><\/h2>\n\n\n\n<p>Falls Sie sich f\u00fcr individuell gefertigte Im-Ohr-Ger\u00e4te oder ma\u00dfgefertigte Otoplastiken f\u00fcr Hinter-dem-Ohr-Ger\u00e4te entscheiden, folgt nun die Abdrucknahme. Ihr H\u00f6rakustiker fertigt dabei einen pr\u00e4zisen Abdruck Ihres Geh\u00f6rgangs und gegebenenfalls der Ohrmuschel an. Dieses Modell dient als Grundlage f\u00fcr die Fertigung der ma\u00dfgeschneiderten Schale oder Otoplastik, die perfekt sitzt und maximalen Tragekomfort gew\u00e4hrleistet. So wird sichergestellt, dass Ihr H\u00f6rsystem sp\u00e4ter nicht nur technisch optimal eingestellt ist, sondern auch sicher und bequem sitzt.<\/p>\n\n\n\n<div style=\"height:30px\" aria-hidden=\"true\" class=\"wp-block-spacer\"><\/div>\n\n\n\n<h2 class=\"wp-block-heading\"><span class=\"ez-toc-section\" id=\"Fazit\"><\/span>Fazit<span class=\"ez-toc-section-end\"><\/span><\/h2>\n\n\n\n<p>Die Beratung im H\u00f6rakustik-Fachgesch\u00e4ft ist kein Verkaufsgespr\u00e4ch im klassischen Sinne, sondern ein Prozess, der auf Ihre Bed\u00fcrfnisse eingeht. Mit Fachwissen, Erfahrung und Einf\u00fchlungsverm\u00f6gen sorgt Ihr H\u00f6rakustiker daf\u00fcr, dass Sie nicht irgendein H\u00f6rger\u00e4t bekommen, sondern genau das, das zu Ihnen passt.<\/p>\n\n\n\n<div style=\"height:30px\" aria-hidden=\"true\" class=\"wp-block-spacer\"><\/div>\n\n\n\n<div class=\"wp-block-columns has-background is-layout-flex wp-container-core-columns-is-layout-9d6595d7 wp-block-columns-is-layout-flex\" style=\"background:linear-gradient(135deg,rgb(250,250,250) 0%,rgb(228,235,242) 97%)\">\n<div class=\"wp-block-column is-vertically-aligned-center is-layout-flow wp-block-column-is-layout-flow\" style=\"flex-basis:33.33%\"><div class=\"aligncenter wp-block-avatar\"><img loading=\"lazy\" decoding=\"async\" alt=\"Avatar von Andrea Fox\" src=\"https:\/\/www.hoershop.com\/info\/wp-content\/uploads\/2023\/11\/cropped-Bild-fuer-Autorenseite-180x180.jpg\" srcset=\"https:\/\/www.hoershop.com\/info\/wp-content\/uploads\/2023\/11\/cropped-Bild-fuer-Autorenseite-360x360.jpg 2x\" class=\"avatar avatar-180 photo wp-block-avatar__image\" height=\"180\" width=\"180\" title=\"\"><\/div><\/div>\n\n\n\n<div class=\"wp-block-column is-vertically-aligned-center is-layout-flow wp-block-column-is-layout-flow\" style=\"flex-basis:66.66%\">\n<p>Autoreninfo<\/p>\n\n\n<div class=\"wp-block-heading wp-block-post-author-name\">Andrea Fox<\/div>\n\n<div class=\"wp-block-post-author-biography\">Als H\u00f6rakustikmeisterin mit \u00fcber 20 Jahren Berufserfahrung verfolgt und hinterfragt Andrea intensiv die st\u00e4ndigen Weiterentwicklungen in der H\u00f6rger\u00e4tebranche. Im H\u00f6rshop-Team ist sie f\u00fcr die Aktualit\u00e4t der Testberichte verantwortlich und sorgt daf\u00fcr, dass unsere Leser stets bestm\u00f6glich und umfassend informiert sind. Durch ihre t\u00e4gliche Arbeit im Fachgesch\u00e4ft versteht sie die Bed\u00fcrfnisse h\u00f6rbeeintr\u00e4chtigter Menschen. Dieses Verst\u00e4ndnis erm\u00f6glicht es ihr, genau zu erkennen, worauf es bei H\u00f6rger\u00e4ten ankommt und wie der Weg zum Wunschger\u00e4t optimal gestaltet werden kann.<\/div><\/div>\n<\/div>\n\n\n\n<div style=\"height:100px\" aria-hidden=\"true\" class=\"wp-block-spacer\"><\/div>\n\n\n\n<h2 class=\"wp-block-heading\"><span class=\"ez-toc-section\" id=\"Weitere_interessante_Artikel_zum_Thema\"><\/span>Weitere interessante Artikel zum Thema<span class=\"ez-toc-section-end\"><\/span><\/h2>\n\n\n<ul class=\"wp-block-latest-posts__list is-grid columns-2 wp-block-latest-posts\"><li><div class=\"wp-block-latest-posts__featured-image aligncenter\"><img loading=\"lazy\" decoding=\"async\" width=\"300\" height=\"169\" src=\"https:\/\/www.hoershop.com\/info\/wp-content\/uploads\/2025\/06\/hearing-guide-bluetooth-de-1-300x169.png\" class=\"attachment-medium size-medium wp-post-image\" alt=\"\" style=\"\" srcset=\"https:\/\/www.hoershop.com\/info\/wp-content\/uploads\/2025\/06\/hearing-guide-bluetooth-de-1-300x169.png 300w, https:\/\/www.hoershop.com\/info\/wp-content\/uploads\/2025\/06\/hearing-guide-bluetooth-de-1-1024x576.png 1024w, https:\/\/www.hoershop.com\/info\/wp-content\/uploads\/2025\/06\/hearing-guide-bluetooth-de-1-768x432.png 768w, https:\/\/www.hoershop.com\/info\/wp-content\/uploads\/2025\/06\/hearing-guide-bluetooth-de-1-1200x675.png 1200w, https:\/\/www.hoershop.com\/info\/wp-content\/uploads\/2025\/06\/hearing-guide-bluetooth-de-1.png 1400w\" sizes=\"auto, (max-width: 300px) 100vw, 300px\" title=\"\"><\/div><a class=\"wp-block-latest-posts__post-title\" href=\"https:\/\/www.hoershop.com\/info\/besser-hoeren\/bluetooth-hoergeraete-6028\">Bluetooth-H\u00f6rger\u00e4te 2026: Wie smarte H\u00f6rger\u00e4te Ihr H\u00f6rerlebnis erweitern<\/a><\/li>\n<li><div class=\"wp-block-latest-posts__featured-image aligncenter\"><img loading=\"lazy\" decoding=\"async\" width=\"300\" height=\"169\" src=\"https:\/\/www.hoershop.com\/info\/wp-content\/uploads\/2025\/02\/BeitragsbildRK-300x169.jpg\" class=\"attachment-medium size-medium wp-post-image\" alt=\"R\u00fcckkopplungen bei H\u00f6rger\u00e4ten\" style=\"\" srcset=\"https:\/\/www.hoershop.com\/info\/wp-content\/uploads\/2025\/02\/BeitragsbildRK-300x169.jpg 300w, https:\/\/www.hoershop.com\/info\/wp-content\/uploads\/2025\/02\/BeitragsbildRK-1024x576.jpg 1024w, https:\/\/www.hoershop.com\/info\/wp-content\/uploads\/2025\/02\/BeitragsbildRK-768x432.jpg 768w, https:\/\/www.hoershop.com\/info\/wp-content\/uploads\/2025\/02\/BeitragsbildRK-1536x864.jpg 1536w, https:\/\/www.hoershop.com\/info\/wp-content\/uploads\/2025\/02\/BeitragsbildRK-1200x675.jpg 1200w, https:\/\/www.hoershop.com\/info\/wp-content\/uploads\/2025\/02\/BeitragsbildRK.jpg 1600w\" sizes=\"auto, (max-width: 300px) 100vw, 300px\" title=\"\"><\/div><a class=\"wp-block-latest-posts__post-title\" href=\"https:\/\/www.hoershop.com\/info\/besser-hoeren\/rueckkopplungen-5811\">R\u00fcckkopplungen &#8211; wenn das H\u00f6rger\u00e4t pfeift: Ursachen, L\u00f6sungen und Experten-Tipps 2026<\/a><\/li>\n<li><div class=\"wp-block-latest-posts__featured-image aligncenter\"><img loading=\"lazy\" decoding=\"async\" width=\"300\" height=\"168\" src=\"https:\/\/www.hoershop.com\/info\/wp-content\/uploads\/2025\/01\/Beitragsbild-1-300x168.jpg\" class=\"attachment-medium size-medium wp-post-image\" alt=\"CROS- und BiCROS\" style=\"\" srcset=\"https:\/\/www.hoershop.com\/info\/wp-content\/uploads\/2025\/01\/Beitragsbild-1-300x168.jpg 300w, https:\/\/www.hoershop.com\/info\/wp-content\/uploads\/2025\/01\/Beitragsbild-1-1024x574.jpg 1024w, https:\/\/www.hoershop.com\/info\/wp-content\/uploads\/2025\/01\/Beitragsbild-1-768x430.jpg 768w, https:\/\/www.hoershop.com\/info\/wp-content\/uploads\/2025\/01\/Beitragsbild-1-1200x675.jpg 1200w, https:\/\/www.hoershop.com\/info\/wp-content\/uploads\/2025\/01\/Beitragsbild-1.jpg 1456w\" sizes=\"auto, (max-width: 300px) 100vw, 300px\" title=\"\"><\/div><a class=\"wp-block-latest-posts__post-title\" href=\"https:\/\/www.hoershop.com\/info\/besser-hoeren\/cros-und-bicros-hoergeraete-5786\">CROS- und BiCROS-H\u00f6rger\u00e4te \u2013 einfach erkl\u00e4rt<\/a><\/li>\n<li><div class=\"wp-block-latest-posts__featured-image aligncenter\"><img loading=\"lazy\" decoding=\"async\" width=\"300\" height=\"169\" src=\"https:\/\/www.hoershop.com\/info\/wp-content\/uploads\/2023\/07\/Hoergeraetereinigung-300x169.png\" class=\"attachment-medium size-medium wp-post-image\" alt=\"\" style=\"\" srcset=\"https:\/\/www.hoershop.com\/info\/wp-content\/uploads\/2023\/07\/Hoergeraetereinigung-300x169.png 300w, https:\/\/www.hoershop.com\/info\/wp-content\/uploads\/2023\/07\/Hoergeraetereinigung-1024x576.png 1024w, https:\/\/www.hoershop.com\/info\/wp-content\/uploads\/2023\/07\/Hoergeraetereinigung-768x432.png 768w, https:\/\/www.hoershop.com\/info\/wp-content\/uploads\/2023\/07\/Hoergeraetereinigung-1536x864.png 1536w, https:\/\/www.hoershop.com\/info\/wp-content\/uploads\/2023\/07\/Hoergeraetereinigung-1200x675.png 1200w, https:\/\/www.hoershop.com\/info\/wp-content\/uploads\/2023\/07\/Hoergeraetereinigung.png 1600w\" sizes=\"auto, (max-width: 300px) 100vw, 300px\" title=\"\"><\/div><a class=\"wp-block-latest-posts__post-title\" href=\"https:\/\/www.hoershop.com\/info\/besser-hoeren\/hoergeraetereinigung-3993\">H\u00f6rger\u00e4tereinigung 2026: damit Sie immer optimal h\u00f6ren<\/a><\/li>\n<li><div class=\"wp-block-latest-posts__featured-image aligncenter\"><img loading=\"lazy\" decoding=\"async\" width=\"300\" height=\"169\" src=\"https:\/\/www.hoershop.com\/info\/wp-content\/uploads\/2023\/07\/Beitragsbild-Demenz-300x169.jpg\" class=\"attachment-medium size-medium wp-post-image\" alt=\"Demenz\" style=\"\" srcset=\"https:\/\/www.hoershop.com\/info\/wp-content\/uploads\/2023\/07\/Beitragsbild-Demenz-300x169.jpg 300w, https:\/\/www.hoershop.com\/info\/wp-content\/uploads\/2023\/07\/Beitragsbild-Demenz-1024x576.jpg 1024w, https:\/\/www.hoershop.com\/info\/wp-content\/uploads\/2023\/07\/Beitragsbild-Demenz-768x432.jpg 768w, https:\/\/www.hoershop.com\/info\/wp-content\/uploads\/2023\/07\/Beitragsbild-Demenz-1200x675.jpg 1200w, https:\/\/www.hoershop.com\/info\/wp-content\/uploads\/2023\/07\/Beitragsbild-Demenz.jpg 1280w\" sizes=\"auto, (max-width: 300px) 100vw, 300px\" title=\"\"><\/div><a class=\"wp-block-latest-posts__post-title\" href=\"https:\/\/www.hoershop.com\/info\/besser-hoeren\/schwerhoerigkeit-und-demenz-3973\">Schwerh\u00f6rigkeit und Demenz 2026: Vorsicht Falle!<\/a><\/li>\n<li><div class=\"wp-block-latest-posts__featured-image aligncenter\"><img loading=\"lazy\" decoding=\"async\" width=\"300\" height=\"169\" src=\"https:\/\/www.hoershop.com\/info\/wp-content\/uploads\/2023\/05\/Hoergeraete-Preise-300x169.png\" class=\"attachment-medium size-medium wp-post-image\" alt=\"\" style=\"\" srcset=\"https:\/\/www.hoershop.com\/info\/wp-content\/uploads\/2023\/05\/Hoergeraete-Preise-300x169.png 300w, https:\/\/www.hoershop.com\/info\/wp-content\/uploads\/2023\/05\/Hoergeraete-Preise-1024x576.png 1024w, https:\/\/www.hoershop.com\/info\/wp-content\/uploads\/2023\/05\/Hoergeraete-Preise-768x432.png 768w, https:\/\/www.hoershop.com\/info\/wp-content\/uploads\/2023\/05\/Hoergeraete-Preise-1536x864.png 1536w, https:\/\/www.hoershop.com\/info\/wp-content\/uploads\/2023\/05\/Hoergeraete-Preise-1200x675.png 1200w, https:\/\/www.hoershop.com\/info\/wp-content\/uploads\/2023\/05\/Hoergeraete-Preise.png 1920w\" sizes=\"auto, (max-width: 300px) 100vw, 300px\" title=\"\"><\/div><a class=\"wp-block-latest-posts__post-title\" href=\"https:\/\/www.hoershop.com\/info\/besser-hoeren\/hoergeraete-preise-3757\">H\u00f6rger\u00e4te Preise: Was kosten H\u00f6rger\u00e4te 2026?<\/a><\/li>\n<li><div class=\"wp-block-latest-posts__featured-image aligncenter\"><img loading=\"lazy\" decoding=\"async\" width=\"300\" height=\"169\" src=\"https:\/\/www.hoershop.com\/info\/wp-content\/uploads\/2023\/05\/Beitragsbild2-300x169.jpg\" class=\"attachment-medium size-medium wp-post-image\" alt=\"Hyperakusis - die Angst vor Ger\u00e4uschen\" style=\"\" srcset=\"https:\/\/www.hoershop.com\/info\/wp-content\/uploads\/2023\/05\/Beitragsbild2-300x169.jpg 300w, https:\/\/www.hoershop.com\/info\/wp-content\/uploads\/2023\/05\/Beitragsbild2-1024x576.jpg 1024w, https:\/\/www.hoershop.com\/info\/wp-content\/uploads\/2023\/05\/Beitragsbild2-768x432.jpg 768w, https:\/\/www.hoershop.com\/info\/wp-content\/uploads\/2023\/05\/Beitragsbild2-1200x675.jpg 1200w, https:\/\/www.hoershop.com\/info\/wp-content\/uploads\/2023\/05\/Beitragsbild2.jpg 1280w\" sizes=\"auto, (max-width: 300px) 100vw, 300px\" title=\"\"><\/div><a class=\"wp-block-latest-posts__post-title\" href=\"https:\/\/www.hoershop.com\/info\/besser-hoeren\/schwerhorigkeit-und-hyperakusis-3666\">Schwerh\u00f6rigkeit und Hyperakusis: wenn Ger\u00e4usche zur Qual werden &#8211; Infos und Tipps 2026<\/a><\/li>\n<li><div class=\"wp-block-latest-posts__featured-image aligncenter\"><img loading=\"lazy\" decoding=\"async\" width=\"300\" height=\"169\" src=\"https:\/\/www.hoershop.com\/info\/wp-content\/uploads\/2023\/04\/Mann-auf-Couch-1-300x169.png\" class=\"attachment-medium size-medium wp-post-image\" alt=\"\" style=\"\" srcset=\"https:\/\/www.hoershop.com\/info\/wp-content\/uploads\/2023\/04\/Mann-auf-Couch-1-300x169.png 300w, https:\/\/www.hoershop.com\/info\/wp-content\/uploads\/2023\/04\/Mann-auf-Couch-1-1024x576.png 1024w, https:\/\/www.hoershop.com\/info\/wp-content\/uploads\/2023\/04\/Mann-auf-Couch-1-768x432.png 768w, https:\/\/www.hoershop.com\/info\/wp-content\/uploads\/2023\/04\/Mann-auf-Couch-1-1536x864.png 1536w, https:\/\/www.hoershop.com\/info\/wp-content\/uploads\/2023\/04\/Mann-auf-Couch-1-1200x675.png 1200w, https:\/\/www.hoershop.com\/info\/wp-content\/uploads\/2023\/04\/Mann-auf-Couch-1.png 1600w\" sizes=\"auto, (max-width: 300px) 100vw, 300px\" title=\"\"><\/div><a class=\"wp-block-latest-posts__post-title\" href=\"https:\/\/www.hoershop.com\/info\/besser-hoeren\/schwerhoerigkeit-ab-wann-braucht-man-ein-horgerat-3317\">Schwerh\u00f6rigkeit 2026: Ab wann braucht man ein H\u00f6rger\u00e4t?<\/a><\/li>\n<\/ul>\n\n\n<div style=\"height:30px\" aria-hidden=\"true\" class=\"wp-block-spacer\"><\/div>\n<\/div>\n<\/div>\n\n\n\n<p><\/p>\n","protected":false},"excerpt":{"rendered":"<p>Nach einem pr\u00e4zisen H\u00f6rtest und einer gr\u00fcndlichen Bedarfsanalyse folgt im Fachgesch\u00e4ft der n\u00e4chste wichtige Schritt: die ausf\u00fchrliche, individuelle H\u00f6rger\u00e4te-Beratung. Hier geht es darum, aus der gro\u00dfen Auswahl an H\u00f6rsystemen genau das Modell zu finden, das zu Ihrem H\u00f6rprofil, Ihren Alltagssituationen und Ihren W\u00fcnschen passt. In diesem Artikel erfahren Sie im Detail, wie dieser Beratungsprozess abl\u00e4uft, [&hellip;]<\/p>\n","protected":false},"author":5,"featured_media":6142,"comment_status":"open","ping_status":"open","sticky":false,"template":"","format":"standard","meta":{"footnotes":""},"categories":[1],"tags":[],"class_list":["post-6094","post","type-post","status-publish","format-standard","has-post-thumbnail","hentry","category-allgemein"],"_links":{"self":[{"href":"https:\/\/www.hoershop.com\/info\/wp-json\/wp\/v2\/posts\/6094","targetHints":{"allow":["GET"]}}],"collection":[{"href":"https:\/\/www.hoershop.com\/info\/wp-json\/wp\/v2\/posts"}],"about":[{"href":"https:\/\/www.hoershop.com\/info\/wp-json\/wp\/v2\/types\/post"}],"author":[{"embeddable":true,"href":"https:\/\/www.hoershop.com\/info\/wp-json\/wp\/v2\/users\/5"}],"replies":[{"embeddable":true,"href":"https:\/\/www.hoershop.com\/info\/wp-json\/wp\/v2\/comments?post=6094"}],"version-history":[{"count":9,"href":"https:\/\/www.hoershop.com\/info\/wp-json\/wp\/v2\/posts\/6094\/revisions"}],"predecessor-version":[{"id":6160,"href":"https:\/\/www.hoershop.com\/info\/wp-json\/wp\/v2\/posts\/6094\/revisions\/6160"}],"wp:featuredmedia":[{"embeddable":true,"href":"https:\/\/www.hoershop.com\/info\/wp-json\/wp\/v2\/media\/6142"}],"wp:attachment":[{"href":"https:\/\/www.hoershop.com\/info\/wp-json\/wp\/v2\/media?parent=6094"}],"wp:term":[{"taxonomy":"category","embeddable":true,"href":"https:\/\/www.hoershop.com\/info\/wp-json\/wp\/v2\/categories?post=6094"},{"taxonomy":"post_tag","embeddable":true,"href":"https:\/\/www.hoershop.com\/info\/wp-json\/wp\/v2\/tags?post=6094"}],"curies":[{"name":"wp","href":"https:\/\/api.w.org\/{rel}","templated":true}]}}