{"id":6139,"date":"2025-07-22T13:33:34","date_gmt":"2025-07-22T11:33:34","guid":{"rendered":"https:\/\/www.hoershop.com\/info\/?p=6139"},"modified":"2025-07-22T13:47:08","modified_gmt":"2025-07-22T11:47:08","slug":"hoergeraete-kaufentscheidung","status":"publish","type":"post","link":"https:\/\/www.hoershop.com\/info\/allgemein\/hoergeraete-kaufentscheidung-6139","title":{"rendered":"Ihr Weg zum besseren H\u00f6ren im Detail: Schritt 5 &#8211; die Kaufentscheidung im Fachgesch\u00e4ft"},"content":{"rendered":"\n<div class=\"wp-block-columns is-layout-flex wp-container-core-columns-is-layout-9d6595d7 wp-block-columns-is-layout-flex\">\n<div class=\"wp-block-column navigation-blog is-layout-flow wp-block-column-is-layout-flow\" style=\"flex-basis:23%\"><\/div>\n\n\n\n<div class=\"wp-block-column content-blog is-layout-flow wp-block-column-is-layout-flow\"><figure class=\"wp-block-post-featured-image\"><img loading=\"lazy\" decoding=\"async\" width=\"600\" height=\"338\" src=\"https:\/\/www.hoershop.com\/info\/wp-content\/uploads\/2025\/07\/Schritt-5.jpg\" class=\"attachment-post-thumbnail size-post-thumbnail wp-post-image\" alt=\"H\u00f6rger\u00e4te Kaufentscheidung\" style=\"object-fit:cover;\" srcset=\"https:\/\/www.hoershop.com\/info\/wp-content\/uploads\/2025\/07\/Schritt-5.jpg 600w, https:\/\/www.hoershop.com\/info\/wp-content\/uploads\/2025\/07\/Schritt-5-300x169.jpg 300w\" sizes=\"auto, (max-width: 600px) 100vw, 600px\" title=\"\"><\/figure>\n\n<h1 class=\"wp-block-post-title\">Ihr Weg zum besseren H\u00f6ren im Detail: Schritt 5 &#8211; die Kaufentscheidung im Fachgesch\u00e4ft<\/h1>\n\n\n<p>Nach der erfolgreichen Testphase und mehreren Anpassungsschritten steht ein wichtiger Moment bevor: die Entscheidung f\u00fcr Ihr neues H\u00f6rger\u00e4t. Jetzt geht es darum, Ihre Erfahrungen aus dem Probetragen auszuwerten, die passende H\u00f6rl\u00f6sung auszuw\u00e4hlen und alle organisatorischen und finanziellen Schritte f\u00fcr die dauerhafte Versorgung einzuleiten.<\/p>\n\n\n\n<p>In diesem Artikel zeigen wir Ihnen, wie der Abschluss der H\u00f6rger\u00e4teversorgung abl\u00e4uft, welche Faktoren in die Kaufentscheidung einflie\u00dfen und wie Sie gemeinsam mit Ihrem Akustiker die n\u00e4chsten Schritte sicher und gut informiert gehen.<\/p>\n\n\n\n<p>Den Gesamt\u00fcberblick zur H\u00f6rger\u00e4teversorgung im Fachgesch\u00e4ft finden Sie in unserem Artikel: <\/p>\n\n\n\n<div class=\"wp-block-media-text is-stacked-on-mobile\"><figure class=\"wp-block-media-text__media\"><a href=\"https:\/\/www.hoershop.com\/info\/allgemein\/hoergeraeteversorgung-6071\"><img loading=\"lazy\" decoding=\"async\" width=\"1024\" height=\"576\" src=\"https:\/\/www.hoershop.com\/info\/wp-content\/uploads\/2025\/07\/schritt-fuer-schritt-1024x576.jpg\" alt=\"Ablauf einer H\u00f6rger\u00e4teversorgung\" class=\"wp-image-6077 size-full\" title=\"\" srcset=\"https:\/\/www.hoershop.com\/info\/wp-content\/uploads\/2025\/07\/schritt-fuer-schritt-1024x576.jpg 1024w, https:\/\/www.hoershop.com\/info\/wp-content\/uploads\/2025\/07\/schritt-fuer-schritt-300x169.jpg 300w, https:\/\/www.hoershop.com\/info\/wp-content\/uploads\/2025\/07\/schritt-fuer-schritt-768x432.jpg 768w, https:\/\/www.hoershop.com\/info\/wp-content\/uploads\/2025\/07\/schritt-fuer-schritt-1536x864.jpg 1536w, https:\/\/www.hoershop.com\/info\/wp-content\/uploads\/2025\/07\/schritt-fuer-schritt-1200x675.jpg 1200w, https:\/\/www.hoershop.com\/info\/wp-content\/uploads\/2025\/07\/schritt-fuer-schritt.jpg 1600w\" sizes=\"auto, (max-width: 1024px) 100vw, 1024px\" \/><\/a><\/figure><div class=\"wp-block-media-text__content\">\n<p><a href=\"https:\/\/www.hoershop.com\/info\/allgemein\/hoergeraeteversorgung-6071\">Der Weg zum besseren H\u00f6ren \u2013 So l\u00e4uft Ihre H\u00f6rger\u00e4teversorgung im Fachgesch\u00e4ft ab \u2013 ein \u00dcberblick<\/a><\/p>\n<\/div><\/div>\n\n\n\n<div style=\"height:30px\" aria-hidden=\"true\" class=\"wp-block-spacer\"><\/div>\n\n\n\n<div id=\"ez-toc-container\" class=\"ez-toc-v2_0_81 counter-hierarchy ez-toc-counter ez-toc-grey ez-toc-container-direction\">\n<div class=\"ez-toc-title-container\"><p class=\"ez-toc-title\" style=\"cursor:inherit\">Inhaltsverzeichnis<\/p>\n<\/div><nav><ul class='ez-toc-list ez-toc-list-level-1 ' ><li class='ez-toc-page-1 ez-toc-heading-level-2'><a class=\"ez-toc-link ez-toc-heading-1\" href=\"https:\/\/www.hoershop.com\/info\/allgemein\/hoergeraete-kaufentscheidung-6139\/#Auswertung_der_Testphase_Was_hat_sich_bewaehrt\" >Auswertung der Testphase: Was hat sich bew\u00e4hrt?<\/a><\/li><li class='ez-toc-page-1 ez-toc-heading-level-2'><a class=\"ez-toc-link ez-toc-heading-2\" href=\"https:\/\/www.hoershop.com\/info\/allgemein\/hoergeraete-kaufentscheidung-6139\/#Entscheidung_fuer_ein_konkretes_Modell\" >Entscheidung f\u00fcr ein konkretes Modell<\/a><\/li><li class='ez-toc-page-1 ez-toc-heading-level-2'><a class=\"ez-toc-link ez-toc-heading-3\" href=\"https:\/\/www.hoershop.com\/info\/allgemein\/hoergeraete-kaufentscheidung-6139\/#Kostenklaerung_und_Krankenkassenzuschuss\" >Kostenkl\u00e4rung und Krankenkassenzuschuss<\/a><\/li><li class='ez-toc-page-1 ez-toc-heading-level-2'><a class=\"ez-toc-link ez-toc-heading-4\" href=\"https:\/\/www.hoershop.com\/info\/allgemein\/hoergeraete-kaufentscheidung-6139\/#Bestellung_und_finale_Fertigung\" >Bestellung und finale Fertigung<\/a><\/li><li class='ez-toc-page-1 ez-toc-heading-level-2'><a class=\"ez-toc-link ez-toc-heading-5\" href=\"https:\/\/www.hoershop.com\/info\/allgemein\/hoergeraete-kaufentscheidung-6139\/#Uebergabe_und_finale_Anpassung\" >\u00dcbergabe und finale Anpassung<\/a><\/li><li class='ez-toc-page-1 ez-toc-heading-level-2'><a class=\"ez-toc-link ez-toc-heading-6\" href=\"https:\/\/www.hoershop.com\/info\/allgemein\/hoergeraete-kaufentscheidung-6139\/#Servicevereinbarungen_und_Garantie\" >Servicevereinbarungen und Garantie<\/a><\/li><li class='ez-toc-page-1 ez-toc-heading-level-2'><a class=\"ez-toc-link ez-toc-heading-7\" href=\"https:\/\/www.hoershop.com\/info\/allgemein\/hoergeraete-kaufentscheidung-6139\/#Dokumentation_und_rechtliche_Unterlagen\" >Dokumentation und rechtliche Unterlagen<\/a><\/li><li class='ez-toc-page-1 ez-toc-heading-level-2'><a class=\"ez-toc-link ez-toc-heading-8\" href=\"https:\/\/www.hoershop.com\/info\/allgemein\/hoergeraete-kaufentscheidung-6139\/#Fazit\" >Fazit<\/a><\/li><li class='ez-toc-page-1 ez-toc-heading-level-2'><a class=\"ez-toc-link ez-toc-heading-9\" href=\"https:\/\/www.hoershop.com\/info\/allgemein\/hoergeraete-kaufentscheidung-6139\/#Weitere_interessante_Artikel_zum_Thema\" >Weitere interessante Artikel zum Thema<\/a><\/li><\/ul><\/nav><\/div>\n<h2 class=\"wp-block-heading\"><span class=\"ez-toc-section\" id=\"Auswertung_der_Testphase_Was_hat_sich_bewaehrt\"><\/span>Auswertung der Testphase: Was hat sich bew\u00e4hrt?<span class=\"ez-toc-section-end\"><\/span><\/h2>\n\n\n\n<p>Bevor Sie sich festlegen, nimmt Ihr H\u00f6rakustiker sich Zeit, gemeinsam mit Ihnen die Erfahrungen aus der Probephase auszuwerten. Dabei geht es nicht nur um die Frage \u201eH\u00f6re ich besser?\u201c, sondern um viele kleine, aber entscheidende Punkte:<\/p>\n\n\n\n<ul class=\"wp-block-list\">\n<li>Wie wohl f\u00fchlen Sie sich mit dem gew\u00e4hlten Ger\u00e4t?<\/li>\n\n\n\n<li>Wie zuverl\u00e4ssig funktioniert das H\u00f6ren in verschiedenen Alltagssituationen?<\/li>\n\n\n\n<li>Gibt es noch Anpassungsbedarf \u2013 oder passt bereits alles?<\/li>\n\n\n\n<li>Stimmen Handhabung, Bedienkomfort und Tragegef\u00fchl?<\/li>\n\n\n\n<li>Hat sich die gew\u00e4hlte Bauform im Alltag bew\u00e4hrt?<\/li>\n<\/ul>\n\n\n\n<p>Diese Auswertung ist die Grundlage f\u00fcr die Kaufentscheidung \u2013 und gibt Ihnen Sicherheit, dass Sie sich f\u00fcr ein Ger\u00e4t entscheiden, das zu Ihnen passt.<\/p>\n\n\n\n<div style=\"height:30px\" aria-hidden=\"true\" class=\"wp-block-spacer\"><\/div>\n\n\n\n\n\n<div style=\"height:30px\" aria-hidden=\"true\" class=\"wp-block-spacer\"><\/div>\n\n\n\n<h2 class=\"wp-block-heading\"><span class=\"ez-toc-section\" id=\"Entscheidung_fuer_ein_konkretes_Modell\"><\/span>Entscheidung f\u00fcr ein konkretes Modell<span class=\"ez-toc-section-end\"><\/span><\/h2>\n\n\n\n<p>Auf Basis der gesammelten Erfahrungen treffen Sie nun gemeinsam mit Ihrem Akustiker die finale Wahl. Dabei flie\u00dfen verschiedene Aspekte mit ein:<\/p>\n\n\n\n<ul class=\"wp-block-list\">\n<li><strong>Technik:<\/strong> Reicht die aktuelle Technologiestufe aus oder w\u00fcnschen Sie zus\u00e4tzliche Funktionen?<\/li>\n\n\n\n<li><strong>Tragekomfort:<\/strong> Sitzt das Ger\u00e4t sicher und angenehm \u2013 auch \u00fcber l\u00e4ngere Zeit?<\/li>\n\n\n\n<li><strong>Klangqualit\u00e4t:<\/strong> F\u00fchlen Sie sich im Gespr\u00e4ch, in Gesellschaft und bei Medien wohl?<\/li>\n\n\n\n<li><strong>Ausstattung:<\/strong> Wollen Sie z.\u202fB. Bluetooth-Funktionen, Akkuversorgung oder eine App-Steuerung nutzen?<\/li>\n\n\n\n<li><strong>Preis-Leistungs-Verh\u00e4ltnis:<\/strong> Entspricht das Ger\u00e4t Ihren Erwartungen und Ihrem Budget?<\/li>\n<\/ul>\n\n\n\n<p><strong>Auch die Wahl der Otoplastik (ma\u00dfgefertigt oder Dome) kann hier nochmals Thema sein, falls sich in der Testphase neue Eindr\u00fccke ergeben haben.<\/strong><\/p>\n\n\n\n<div style=\"height:30px\" aria-hidden=\"true\" class=\"wp-block-spacer\"><\/div>\n\n\n\n<h2 class=\"wp-block-heading\"><span class=\"ez-toc-section\" id=\"Kostenklaerung_und_Krankenkassenzuschuss\"><\/span>Kostenkl\u00e4rung und Krankenkassenzuschuss<span class=\"ez-toc-section-end\"><\/span><\/h2>\n\n\n\n<p>Sobald Sie sich f\u00fcr ein H\u00f6rger\u00e4t entschieden haben, k\u00fcmmert sich Ihr H\u00f6rakustiker um die Abwicklung mit Ihrer Krankenkasse. Dabei gilt:<\/p>\n\n\n\n<ul class=\"wp-block-list\">\n<li>Gesetzlich Versicherte erhalten einen festen Zuschuss pro Ohr.<\/li>\n\n\n\n<li>Voraussetzung ist eine \u00e4rztliche Verordnung vom HNO-Arzt.<\/li>\n\n\n\n<li>Die Abrechnung \u00fcbernimmt in der Regel das Fachgesch\u00e4ft direkt mit der Kasse.<\/li>\n<\/ul>\n\n\n\n<p><strong>Wenn Sie sich f\u00fcr ein h\u00f6herwertiges Ger\u00e4t mit Eigenanteil entscheiden, werden die Mehrkosten transparent ausgewiesen.<\/strong> Ihr Akustiker informiert Sie verst\u00e4ndlich \u00fcber:<\/p>\n\n\n\n<ul class=\"wp-block-list\">\n<li>den Gesamtpreis des H\u00f6rger\u00e4ts<\/li>\n\n\n\n<li>den Kassenzuschuss<\/li>\n\n\n\n<li>Ihren Eigenanteil<\/li>\n\n\n\n<li>Finanzierungsmodelle<\/li>\n<\/ul>\n\n\n\n<p>So k\u00f6nnen Sie Ihre Entscheidung in Ruhe und auf klarer Basis treffen.<\/p>\n\n\n\n<div style=\"height:30px\" aria-hidden=\"true\" class=\"wp-block-spacer\"><\/div>\n\n\n\n<div class=\"wp-block-media-text is-stacked-on-mobile\"><figure class=\"wp-block-media-text__media\"><a href=\"https:\/\/www.hoershop.com\/info\/allgemein\/hoergeraete-krankenkasse-2307\"><img loading=\"lazy\" decoding=\"async\" width=\"1024\" height=\"591\" src=\"https:\/\/www.hoershop.com\/info\/wp-content\/uploads\/2025\/07\/Krankenkasse.jpg\" alt=\"\" class=\"wp-image-6100 size-full\" title=\"\" srcset=\"https:\/\/www.hoershop.com\/info\/wp-content\/uploads\/2025\/07\/Krankenkasse.jpg 1024w, https:\/\/www.hoershop.com\/info\/wp-content\/uploads\/2025\/07\/Krankenkasse-300x173.jpg 300w, https:\/\/www.hoershop.com\/info\/wp-content\/uploads\/2025\/07\/Krankenkasse-768x443.jpg 768w\" sizes=\"auto, (max-width: 1024px) 100vw, 1024px\" \/><\/a><\/figure><div class=\"wp-block-media-text__content\">\n<p><a href=\"https:\/\/www.hoershop.com\/info\/allgemein\/hoergeraete-krankenkasse-2307\">Hier erfahren Sie alles \u00fcber die Indikation und den Ablauf der Verordnung durch den HNO-Arzt.<\/a><\/p>\n<\/div><\/div>\n\n\n\n<div style=\"height:30px\" aria-hidden=\"true\" class=\"wp-block-spacer\"><\/div>\n\n\n\n<h2 class=\"wp-block-heading\"><span class=\"ez-toc-section\" id=\"Bestellung_und_finale_Fertigung\"><\/span>Bestellung und finale Fertigung<span class=\"ez-toc-section-end\"><\/span><\/h2>\n\n\n\n<p>Nach der Entscheidung wird das ausgew\u00e4hlte H\u00f6rger\u00e4t \u2013 sofern nicht bereits vorhanden \u2013 bestellt oder bei Im-Ohr-Ger\u00e4ten individuell angefertigt. Falls eine ma\u00dfgefertigte Otoplastik n\u00f6tig ist, wird sie auf Grundlage des vorab genommenen Ohrabdrucks produziert.<\/p>\n\n\n\n<p>In dieser Phase ist meist noch ein wenig Geduld gefragt: Je nach Modell und Hersteller dauert es einige Tage bis wenige Wochen, bis Ihre endg\u00fcltigen Ger\u00e4te geliefert werden.<\/p>\n\n\n\n<div style=\"height:30px\" aria-hidden=\"true\" class=\"wp-block-spacer\"><\/div>\n\n\n\n<h2 class=\"wp-block-heading\"><span class=\"ez-toc-section\" id=\"Uebergabe_und_finale_Anpassung\"><\/span>\u00dcbergabe und finale Anpassung<span class=\"ez-toc-section-end\"><\/span><\/h2>\n\n\n\n<p>Sobald Ihre H\u00f6rger\u00e4te verf\u00fcgbar sind, erfolgt der n\u00e4chste Termin zur \u00dcbergabe und finalen Einstellung. Dabei wird:<\/p>\n\n\n\n<ul class=\"wp-block-list\">\n<li>die bereits erprobte Einstellung auf das neue Ger\u00e4t \u00fcbertragen<\/li>\n\n\n\n<li>der Sitz am Ohr \u00fcberpr\u00fcft<\/li>\n\n\n\n<li>die Bedienung nochmals erl\u00e4utert<\/li>\n\n\n\n<li>das Reinigungs- und Pflegezubeh\u00f6r ausgeh\u00e4ndigt<\/li>\n\n\n\n<li>die Regelung zur Garantie und zum Service erkl\u00e4rt<\/li>\n<\/ul>\n\n\n\n<p>Ihr Akustiker stellt sicher, dass Sie sich mit dem Ger\u00e4t sicher f\u00fchlen \u2013 technisch wie praktisch.<\/p>\n\n\n\n<div style=\"height:30px\" aria-hidden=\"true\" class=\"wp-block-spacer\"><\/div>\n\n\n\n\n\n<div style=\"height:30px\" aria-hidden=\"true\" class=\"wp-block-spacer\"><\/div>\n\n\n\n<h2 class=\"wp-block-heading\"><span class=\"ez-toc-section\" id=\"Servicevereinbarungen_und_Garantie\"><\/span>Servicevereinbarungen und Garantie<span class=\"ez-toc-section-end\"><\/span><\/h2>\n\n\n\n<p>Beim Kaufabschluss werden Sie \u00fcber die Leistungen informiert, die \u00fcber die eigentliche Ger\u00e4teversorgung hinausgehen. Dazu geh\u00f6ren:<\/p>\n\n\n\n<ul class=\"wp-block-list\">\n<li>regelm\u00e4\u00dfige Kontrolltermine und Wartung<\/li>\n\n\n\n<li>Reparaturservice im Fachgesch\u00e4ft<\/li>\n\n\n\n<li>Ersatzger\u00e4te im Servicefall<\/li>\n\n\n\n<li>Filterwechsel, Reinigungsmaterialien und Nachjustierungen<\/li>\n\n\n\n<li>Garantiezeitr\u00e4ume und erweiterte Garantieoptionen<\/li>\n<\/ul>\n\n\n\n<p>In vielen Fachgesch\u00e4ften k\u00f6nnen Sie Servicepakete buchen, die Ihre Versorgung langfristig absichern \u2013 oft auch inklusive Versicherung gegen Verlust oder Sch\u00e4den.<\/p>\n\n\n\n<div style=\"height:30px\" aria-hidden=\"true\" class=\"wp-block-spacer\"><\/div>\n\n\n\n<h2 class=\"wp-block-heading\"><span class=\"ez-toc-section\" id=\"Dokumentation_und_rechtliche_Unterlagen\"><\/span>Dokumentation und rechtliche Unterlagen<span class=\"ez-toc-section-end\"><\/span><\/h2>\n\n\n\n<p>Zum Abschluss der Versorgung erhalten Sie:<\/p>\n\n\n\n<ul class=\"wp-block-list\">\n<li>Ihre Rechnung mit der aufgeschl\u00fcsselten Kostenverteilung<\/li>\n\n\n\n<li>Bedienungsanleitungen, Garantiescheine und ggf. App-Zug\u00e4nge<\/li>\n\n\n\n<li>Vertrag zum evtl. gebuchten Servicepaket<\/li>\n<\/ul>\n\n\n\n<p>Alle Dokumente werden sorgf\u00e4ltig erkl\u00e4rt und k\u00f6nnen auf Wunsch auch digital bereitgestellt werden.<\/p>\n\n\n\n<div style=\"height:30px\" aria-hidden=\"true\" class=\"wp-block-spacer\"><\/div>\n\n\n\n<h2 class=\"wp-block-heading\"><span class=\"ez-toc-section\" id=\"Fazit\"><\/span>Fazit<span class=\"ez-toc-section-end\"><\/span><\/h2>\n\n\n\n<p>Die Entscheidung f\u00fcr ein H\u00f6rger\u00e4t ist ein gut begleiteter Schritt, bei dem Ihre Erfahrungen, W\u00fcnsche und finanziellen Rahmenbedingungen ber\u00fccksichtigt werden. Mit dem Abschluss der Versorgung erhalten Sie nicht nur ein technisches Hilfsmittel, sondern ein individuell abgestimmtes H\u00f6rsystem, das Ihnen langfristig Lebensqualit\u00e4t zur\u00fcckgibt \u2013 unterst\u00fctzt durch einen verl\u00e4sslichen Fachpartner an Ihrer Seite.<\/p>\n\n\n\n<div style=\"height:30px\" aria-hidden=\"true\" class=\"wp-block-spacer\"><\/div>\n\n\n\n<div class=\"wp-block-columns has-background is-layout-flex wp-container-core-columns-is-layout-9d6595d7 wp-block-columns-is-layout-flex\" style=\"background:linear-gradient(135deg,rgb(250,250,250) 0%,rgb(228,235,242) 97%)\">\n<div class=\"wp-block-column is-vertically-aligned-center is-layout-flow wp-block-column-is-layout-flow\" style=\"flex-basis:33.33%\"><div class=\"aligncenter wp-block-avatar\"><img loading=\"lazy\" decoding=\"async\" alt=\"Avatar von Andrea Fox\" src=\"https:\/\/www.hoershop.com\/info\/wp-content\/uploads\/2023\/11\/cropped-Bild-fuer-Autorenseite-180x180.jpg\" srcset=\"https:\/\/www.hoershop.com\/info\/wp-content\/uploads\/2023\/11\/cropped-Bild-fuer-Autorenseite-360x360.jpg 2x\" class=\"avatar avatar-180 photo wp-block-avatar__image\" height=\"180\" width=\"180\" title=\"\"><\/div><\/div>\n\n\n\n<div class=\"wp-block-column is-vertically-aligned-center is-layout-flow wp-block-column-is-layout-flow\" style=\"flex-basis:66.66%\">\n<p>Autoreninfo<\/p>\n\n\n<div class=\"wp-block-heading wp-block-post-author-name\">Andrea Fox<\/div>\n\n<div class=\"wp-block-post-author-biography\">Als H\u00f6rakustikmeisterin mit \u00fcber 20 Jahren Berufserfahrung verfolgt und hinterfragt Andrea intensiv die st\u00e4ndigen Weiterentwicklungen in der H\u00f6rger\u00e4tebranche. Im H\u00f6rshop-Team ist sie f\u00fcr die Aktualit\u00e4t der Testberichte verantwortlich und sorgt daf\u00fcr, dass unsere Leser stets bestm\u00f6glich und umfassend informiert sind. Durch ihre t\u00e4gliche Arbeit im Fachgesch\u00e4ft versteht sie die Bed\u00fcrfnisse h\u00f6rbeeintr\u00e4chtigter Menschen. Dieses Verst\u00e4ndnis erm\u00f6glicht es ihr, genau zu erkennen, worauf es bei H\u00f6rger\u00e4ten ankommt und wie der Weg zum Wunschger\u00e4t optimal gestaltet werden kann.<\/div><\/div>\n<\/div>\n\n\n\n<div style=\"height:100px\" aria-hidden=\"true\" class=\"wp-block-spacer\"><\/div>\n\n\n\n<h2 class=\"wp-block-heading\"><span class=\"ez-toc-section\" id=\"Weitere_interessante_Artikel_zum_Thema\"><\/span>Weitere interessante Artikel zum Thema<span class=\"ez-toc-section-end\"><\/span><\/h2>\n\n\n<ul class=\"wp-block-latest-posts__list is-grid columns-2 wp-block-latest-posts\"><li><div class=\"wp-block-latest-posts__featured-image aligncenter\"><img loading=\"lazy\" decoding=\"async\" width=\"300\" height=\"169\" src=\"https:\/\/www.hoershop.com\/info\/wp-content\/uploads\/2025\/06\/hearing-guide-bluetooth-de-1-300x169.png\" class=\"attachment-medium size-medium wp-post-image\" alt=\"\" style=\"\" srcset=\"https:\/\/www.hoershop.com\/info\/wp-content\/uploads\/2025\/06\/hearing-guide-bluetooth-de-1-300x169.png 300w, https:\/\/www.hoershop.com\/info\/wp-content\/uploads\/2025\/06\/hearing-guide-bluetooth-de-1-1024x576.png 1024w, https:\/\/www.hoershop.com\/info\/wp-content\/uploads\/2025\/06\/hearing-guide-bluetooth-de-1-768x432.png 768w, https:\/\/www.hoershop.com\/info\/wp-content\/uploads\/2025\/06\/hearing-guide-bluetooth-de-1-1200x675.png 1200w, https:\/\/www.hoershop.com\/info\/wp-content\/uploads\/2025\/06\/hearing-guide-bluetooth-de-1.png 1400w\" sizes=\"auto, (max-width: 300px) 100vw, 300px\" title=\"\"><\/div><a class=\"wp-block-latest-posts__post-title\" href=\"https:\/\/www.hoershop.com\/info\/besser-hoeren\/bluetooth-hoergeraete-6028\">Bluetooth-H\u00f6rger\u00e4te 2026: Wie smarte H\u00f6rger\u00e4te Ihr H\u00f6rerlebnis erweitern<\/a><\/li>\n<li><div class=\"wp-block-latest-posts__featured-image aligncenter\"><img loading=\"lazy\" decoding=\"async\" width=\"300\" height=\"169\" src=\"https:\/\/www.hoershop.com\/info\/wp-content\/uploads\/2025\/02\/BeitragsbildRK-300x169.jpg\" class=\"attachment-medium size-medium wp-post-image\" alt=\"R\u00fcckkopplungen bei H\u00f6rger\u00e4ten\" style=\"\" srcset=\"https:\/\/www.hoershop.com\/info\/wp-content\/uploads\/2025\/02\/BeitragsbildRK-300x169.jpg 300w, https:\/\/www.hoershop.com\/info\/wp-content\/uploads\/2025\/02\/BeitragsbildRK-1024x576.jpg 1024w, https:\/\/www.hoershop.com\/info\/wp-content\/uploads\/2025\/02\/BeitragsbildRK-768x432.jpg 768w, https:\/\/www.hoershop.com\/info\/wp-content\/uploads\/2025\/02\/BeitragsbildRK-1536x864.jpg 1536w, https:\/\/www.hoershop.com\/info\/wp-content\/uploads\/2025\/02\/BeitragsbildRK-1200x675.jpg 1200w, https:\/\/www.hoershop.com\/info\/wp-content\/uploads\/2025\/02\/BeitragsbildRK.jpg 1600w\" sizes=\"auto, (max-width: 300px) 100vw, 300px\" title=\"\"><\/div><a class=\"wp-block-latest-posts__post-title\" href=\"https:\/\/www.hoershop.com\/info\/besser-hoeren\/rueckkopplungen-5811\">R\u00fcckkopplungen &#8211; wenn das H\u00f6rger\u00e4t pfeift: Ursachen, L\u00f6sungen und Experten-Tipps 2026<\/a><\/li>\n<li><div class=\"wp-block-latest-posts__featured-image aligncenter\"><img loading=\"lazy\" decoding=\"async\" width=\"300\" height=\"168\" src=\"https:\/\/www.hoershop.com\/info\/wp-content\/uploads\/2025\/01\/Beitragsbild-1-300x168.jpg\" class=\"attachment-medium size-medium wp-post-image\" alt=\"CROS- und BiCROS\" style=\"\" srcset=\"https:\/\/www.hoershop.com\/info\/wp-content\/uploads\/2025\/01\/Beitragsbild-1-300x168.jpg 300w, https:\/\/www.hoershop.com\/info\/wp-content\/uploads\/2025\/01\/Beitragsbild-1-1024x574.jpg 1024w, https:\/\/www.hoershop.com\/info\/wp-content\/uploads\/2025\/01\/Beitragsbild-1-768x430.jpg 768w, https:\/\/www.hoershop.com\/info\/wp-content\/uploads\/2025\/01\/Beitragsbild-1-1200x675.jpg 1200w, https:\/\/www.hoershop.com\/info\/wp-content\/uploads\/2025\/01\/Beitragsbild-1.jpg 1456w\" sizes=\"auto, (max-width: 300px) 100vw, 300px\" title=\"\"><\/div><a class=\"wp-block-latest-posts__post-title\" href=\"https:\/\/www.hoershop.com\/info\/besser-hoeren\/cros-und-bicros-hoergeraete-5786\">CROS- und BiCROS-H\u00f6rger\u00e4te \u2013 einfach erkl\u00e4rt<\/a><\/li>\n<li><div class=\"wp-block-latest-posts__featured-image aligncenter\"><img loading=\"lazy\" decoding=\"async\" width=\"300\" height=\"169\" src=\"https:\/\/www.hoershop.com\/info\/wp-content\/uploads\/2023\/07\/Hoergeraetereinigung-300x169.png\" class=\"attachment-medium size-medium wp-post-image\" alt=\"\" style=\"\" srcset=\"https:\/\/www.hoershop.com\/info\/wp-content\/uploads\/2023\/07\/Hoergeraetereinigung-300x169.png 300w, https:\/\/www.hoershop.com\/info\/wp-content\/uploads\/2023\/07\/Hoergeraetereinigung-1024x576.png 1024w, https:\/\/www.hoershop.com\/info\/wp-content\/uploads\/2023\/07\/Hoergeraetereinigung-768x432.png 768w, https:\/\/www.hoershop.com\/info\/wp-content\/uploads\/2023\/07\/Hoergeraetereinigung-1536x864.png 1536w, https:\/\/www.hoershop.com\/info\/wp-content\/uploads\/2023\/07\/Hoergeraetereinigung-1200x675.png 1200w, https:\/\/www.hoershop.com\/info\/wp-content\/uploads\/2023\/07\/Hoergeraetereinigung.png 1600w\" sizes=\"auto, (max-width: 300px) 100vw, 300px\" title=\"\"><\/div><a class=\"wp-block-latest-posts__post-title\" href=\"https:\/\/www.hoershop.com\/info\/besser-hoeren\/hoergeraetereinigung-3993\">H\u00f6rger\u00e4tereinigung 2026: damit Sie immer optimal h\u00f6ren<\/a><\/li>\n<li><div class=\"wp-block-latest-posts__featured-image aligncenter\"><img loading=\"lazy\" decoding=\"async\" width=\"300\" height=\"169\" src=\"https:\/\/www.hoershop.com\/info\/wp-content\/uploads\/2023\/07\/Beitragsbild-Demenz-300x169.jpg\" class=\"attachment-medium size-medium wp-post-image\" alt=\"Demenz\" style=\"\" srcset=\"https:\/\/www.hoershop.com\/info\/wp-content\/uploads\/2023\/07\/Beitragsbild-Demenz-300x169.jpg 300w, https:\/\/www.hoershop.com\/info\/wp-content\/uploads\/2023\/07\/Beitragsbild-Demenz-1024x576.jpg 1024w, https:\/\/www.hoershop.com\/info\/wp-content\/uploads\/2023\/07\/Beitragsbild-Demenz-768x432.jpg 768w, https:\/\/www.hoershop.com\/info\/wp-content\/uploads\/2023\/07\/Beitragsbild-Demenz-1200x675.jpg 1200w, https:\/\/www.hoershop.com\/info\/wp-content\/uploads\/2023\/07\/Beitragsbild-Demenz.jpg 1280w\" sizes=\"auto, (max-width: 300px) 100vw, 300px\" title=\"\"><\/div><a class=\"wp-block-latest-posts__post-title\" href=\"https:\/\/www.hoershop.com\/info\/besser-hoeren\/schwerhoerigkeit-und-demenz-3973\">Schwerh\u00f6rigkeit und Demenz 2026: Vorsicht Falle!<\/a><\/li>\n<li><div class=\"wp-block-latest-posts__featured-image aligncenter\"><img loading=\"lazy\" decoding=\"async\" width=\"300\" height=\"169\" src=\"https:\/\/www.hoershop.com\/info\/wp-content\/uploads\/2023\/05\/Hoergeraete-Preise-300x169.png\" class=\"attachment-medium size-medium wp-post-image\" alt=\"\" style=\"\" srcset=\"https:\/\/www.hoershop.com\/info\/wp-content\/uploads\/2023\/05\/Hoergeraete-Preise-300x169.png 300w, https:\/\/www.hoershop.com\/info\/wp-content\/uploads\/2023\/05\/Hoergeraete-Preise-1024x576.png 1024w, https:\/\/www.hoershop.com\/info\/wp-content\/uploads\/2023\/05\/Hoergeraete-Preise-768x432.png 768w, https:\/\/www.hoershop.com\/info\/wp-content\/uploads\/2023\/05\/Hoergeraete-Preise-1536x864.png 1536w, https:\/\/www.hoershop.com\/info\/wp-content\/uploads\/2023\/05\/Hoergeraete-Preise-1200x675.png 1200w, https:\/\/www.hoershop.com\/info\/wp-content\/uploads\/2023\/05\/Hoergeraete-Preise.png 1920w\" sizes=\"auto, (max-width: 300px) 100vw, 300px\" title=\"\"><\/div><a class=\"wp-block-latest-posts__post-title\" href=\"https:\/\/www.hoershop.com\/info\/besser-hoeren\/hoergeraete-preise-3757\">H\u00f6rger\u00e4te Preise: Was kosten H\u00f6rger\u00e4te 2026?<\/a><\/li>\n<li><div class=\"wp-block-latest-posts__featured-image aligncenter\"><img loading=\"lazy\" decoding=\"async\" width=\"300\" height=\"169\" src=\"https:\/\/www.hoershop.com\/info\/wp-content\/uploads\/2023\/05\/Beitragsbild2-300x169.jpg\" class=\"attachment-medium size-medium wp-post-image\" alt=\"Hyperakusis - die Angst vor Ger\u00e4uschen\" style=\"\" srcset=\"https:\/\/www.hoershop.com\/info\/wp-content\/uploads\/2023\/05\/Beitragsbild2-300x169.jpg 300w, https:\/\/www.hoershop.com\/info\/wp-content\/uploads\/2023\/05\/Beitragsbild2-1024x576.jpg 1024w, https:\/\/www.hoershop.com\/info\/wp-content\/uploads\/2023\/05\/Beitragsbild2-768x432.jpg 768w, https:\/\/www.hoershop.com\/info\/wp-content\/uploads\/2023\/05\/Beitragsbild2-1200x675.jpg 1200w, https:\/\/www.hoershop.com\/info\/wp-content\/uploads\/2023\/05\/Beitragsbild2.jpg 1280w\" sizes=\"auto, (max-width: 300px) 100vw, 300px\" title=\"\"><\/div><a class=\"wp-block-latest-posts__post-title\" href=\"https:\/\/www.hoershop.com\/info\/besser-hoeren\/schwerhorigkeit-und-hyperakusis-3666\">Schwerh\u00f6rigkeit und Hyperakusis: wenn Ger\u00e4usche zur Qual werden &#8211; Infos und Tipps 2026<\/a><\/li>\n<li><div class=\"wp-block-latest-posts__featured-image aligncenter\"><img loading=\"lazy\" decoding=\"async\" width=\"300\" height=\"169\" src=\"https:\/\/www.hoershop.com\/info\/wp-content\/uploads\/2023\/04\/Mann-auf-Couch-1-300x169.png\" class=\"attachment-medium size-medium wp-post-image\" alt=\"\" style=\"\" srcset=\"https:\/\/www.hoershop.com\/info\/wp-content\/uploads\/2023\/04\/Mann-auf-Couch-1-300x169.png 300w, https:\/\/www.hoershop.com\/info\/wp-content\/uploads\/2023\/04\/Mann-auf-Couch-1-1024x576.png 1024w, https:\/\/www.hoershop.com\/info\/wp-content\/uploads\/2023\/04\/Mann-auf-Couch-1-768x432.png 768w, https:\/\/www.hoershop.com\/info\/wp-content\/uploads\/2023\/04\/Mann-auf-Couch-1-1536x864.png 1536w, https:\/\/www.hoershop.com\/info\/wp-content\/uploads\/2023\/04\/Mann-auf-Couch-1-1200x675.png 1200w, https:\/\/www.hoershop.com\/info\/wp-content\/uploads\/2023\/04\/Mann-auf-Couch-1.png 1600w\" sizes=\"auto, (max-width: 300px) 100vw, 300px\" title=\"\"><\/div><a class=\"wp-block-latest-posts__post-title\" href=\"https:\/\/www.hoershop.com\/info\/besser-hoeren\/schwerhoerigkeit-ab-wann-braucht-man-ein-horgerat-3317\">Schwerh\u00f6rigkeit 2026: Ab wann braucht man ein H\u00f6rger\u00e4t?<\/a><\/li>\n<\/ul><\/div>\n<\/div>\n\n\n\n<p><\/p>\n","protected":false},"excerpt":{"rendered":"<p>Nach der erfolgreichen Testphase und mehreren Anpassungsschritten steht ein wichtiger Moment bevor: die Entscheidung f\u00fcr Ihr neues H\u00f6rger\u00e4t. Jetzt geht es darum, Ihre Erfahrungen aus dem Probetragen auszuwerten, die passende H\u00f6rl\u00f6sung auszuw\u00e4hlen und alle organisatorischen und finanziellen Schritte f\u00fcr die dauerhafte Versorgung einzuleiten. In diesem Artikel zeigen wir Ihnen, wie der Abschluss der H\u00f6rger\u00e4teversorgung abl\u00e4uft, [&hellip;]<\/p>\n","protected":false},"author":5,"featured_media":6145,"comment_status":"open","ping_status":"open","sticky":false,"template":"","format":"standard","meta":{"footnotes":""},"categories":[1],"tags":[],"class_list":["post-6139","post","type-post","status-publish","format-standard","has-post-thumbnail","hentry","category-allgemein"],"_links":{"self":[{"href":"https:\/\/www.hoershop.com\/info\/wp-json\/wp\/v2\/posts\/6139","targetHints":{"allow":["GET"]}}],"collection":[{"href":"https:\/\/www.hoershop.com\/info\/wp-json\/wp\/v2\/posts"}],"about":[{"href":"https:\/\/www.hoershop.com\/info\/wp-json\/wp\/v2\/types\/post"}],"author":[{"embeddable":true,"href":"https:\/\/www.hoershop.com\/info\/wp-json\/wp\/v2\/users\/5"}],"replies":[{"embeddable":true,"href":"https:\/\/www.hoershop.com\/info\/wp-json\/wp\/v2\/comments?post=6139"}],"version-history":[{"count":4,"href":"https:\/\/www.hoershop.com\/info\/wp-json\/wp\/v2\/posts\/6139\/revisions"}],"predecessor-version":[{"id":6169,"href":"https:\/\/www.hoershop.com\/info\/wp-json\/wp\/v2\/posts\/6139\/revisions\/6169"}],"wp:featuredmedia":[{"embeddable":true,"href":"https:\/\/www.hoershop.com\/info\/wp-json\/wp\/v2\/media\/6145"}],"wp:attachment":[{"href":"https:\/\/www.hoershop.com\/info\/wp-json\/wp\/v2\/media?parent=6139"}],"wp:term":[{"taxonomy":"category","embeddable":true,"href":"https:\/\/www.hoershop.com\/info\/wp-json\/wp\/v2\/categories?post=6139"},{"taxonomy":"post_tag","embeddable":true,"href":"https:\/\/www.hoershop.com\/info\/wp-json\/wp\/v2\/tags?post=6139"}],"curies":[{"name":"wp","href":"https:\/\/api.w.org\/{rel}","templated":true}]}}